{"id":1656,"date":"2026-04-24T09:46:29","date_gmt":"2026-04-24T06:46:29","guid":{"rendered":"https:\/\/dainavafest.lt\/?p=1656"},"modified":"2026-04-24T09:46:29","modified_gmt":"2026-04-24T06:46:29","slug":"xxiv-dainavos-salies-muzikos-festivalis-klasikos-eksperimentu-ir-patirciu-savaite","status":"publish","type":"post","link":"https:\/\/dainavafest.lt\/en\/xxiv-dainavos-salies-muzikos-festivalis-klasikos-eksperimentu-ir-patirciu-savaite\/","title":{"rendered":"XXIV Dainavos \u0161alies muzikos festivalis: klasikos, eksperiment\u0173 ir patir\u010di\u0173 savait\u0117"},"content":{"rendered":"<p>Ar \u012fmanoma muzik\u0105 patirti u\u017esimerkus? Kaip skamba kontrabosas, kai jis tampa pagrindiniu scenos veik\u0117ju? Ir kur susitinka Bethovenas bei \u0161iuolaikin\u0117 elektronika? Atsakymus \u012f \u0161iuos klausimus \u0161iemet si\u016blo XXIV Dainavos \u0161alies muzikos festivalis.<\/p>\n\n\n\n<p><strong>Festivalio prad\u017eia \u2013 tarp sapno ir realyb\u0117s<\/strong><\/p>\n\n\n\n<p>Gegu\u017e\u0117s 27 d. festival\u012f atidarys elektronin\u0117s muzikos k\u016br\u0117ja Migl\u0117 Palkevi\u010di\u016bt\u0117 (\u201eMigluma\u201c), kurios muzikoje dera ne\u017eemi\u0161ki skambesiai, chorin\u0117s harmonijos ir lietuvi\u0161ko folkloro elementai.&nbsp;&nbsp; Tarptautiniuose festivaliuose \u2013 nuo Barselonos iki Reikjaviko \u2013 pripa\u017einta atlik\u0117ja Alytaus miesto sode kurs i\u0161skirtin\u0119 atmosfer\u0105, kurioje i\u0161girsite avant-pop stiliaus muzik\u0105, atsidursite tarp sapno ir realyb\u0117s.<\/p>\n\n\n\n<p><strong>Simfonin\u0117s muzikos vakaras su ry\u0161kiausiais Lietuvos vardais<\/strong><\/p>\n\n\n\n<p>Gegu\u017e\u0117s 28 d. Alytaus kult\u016bros centre skamb\u0117s Lietuvos nacionalinio simfoninio orkestro koncertas, diriguojamas Nacionalin\u0117s premijos laureato Roberto \u0160erveniko. Programoje \u2013 klasikos ir XX\u2013XXI a. k\u016brini\u0173 derm\u0117: nuo Ludwigo van Bethoveno \u201eEgmonto\u201c uverti\u016bros iki Ferenco Liszto \u201eVengri\u0161kosios rapsodijos\u201c.<\/p>\n\n\n\n<p>Publika i\u0161girs ir re\u010diau atliekamus lietuvi\u0173 kompozitori\u0173 k\u016brinius bei i\u0161skirtinius solistus \u2013 altinink\u0119 Dovil\u0119 Juozapaitien\u0119, fleitinink\u0105 Giedri\u0173 Gelgot\u0105 ir vibrafoninink\u0105 Sigit\u0105 Gaili\u0173.<\/p>\n\n\n\n<p><strong>Kontrabosas \u2013 pirmame plane<\/strong><\/p>\n\n\n\n<p>Gegu\u017e\u0117s 29 d. klausytoj\u0173 lauks i\u0161skirtinis susitikimas su vieninteliu Lietuvoje kontrabos\u0173 kvartetu \u201eBass_4\u201c. Keturi profesional\u016bs atlik\u0117jai griauna stereotipus apie kontrabos\u0105, pristatydami j\u012f kaip virtuozi\u0161k\u0105, spalving\u0105 ir netik\u0117tai universal\u0173 instrument\u0105. Nuo klasikos iki \u0161iuolaikin\u0117s muzikos \u2013 j\u0173 programa kvie\u010dia i\u0161 naujo atrasti \u017eemiausio registro galimybes.<\/p>\n\n\n\n<p><strong>Muzika be reg\u0117jimo: patyriminis koncertas<\/strong><\/p>\n\n\n\n<p>Gegu\u017e\u0117s 30 d. Klaip\u0117dos choras \u201eAukuras\u201c pasi\u016blys unikali\u0105 patirt\u012f \u2013 koncert\u0105, kuriame klausytojai kvie\u010diami atsisakyti reg\u0117jimo ir muzik\u0105 patirti kitais poj\u016b\u010diais. U\u017emerktos akys, sustiprintas garsas, netik\u0117ti tembrai ir socialin\u0117 \u017einut\u0117 apie empatij\u0105 bei skirtingas patirtis \u2013 tai koncertas, per\u017eengiantis \u012fprastas muzikos suvokimo ribas.<\/p>\n\n\n\n<p><strong>Jaunyst\u0117, energija ir did\u017eiosios scenos svajon\u0117s<\/strong><\/p>\n\n\n\n<p>Festival\u012f gegu\u017e\u0117s 31 d. u\u017ebaigs alyti\u0161ki\u0173 mylimas ir m\u016bs\u0173 mieste da\u017enai skambantis Alytaus muzikos mokyklos jaunimo simfoninis orkestras \u201eSvajon\u0117\u201c, \u0161ven\u010diantis \u012fsp\u016bdingus k\u016brybinius pasiekimus. Kolektyvas, vienijantis apie 60 jaun\u0173j\u0173 muzikant\u0173 ir pedagog\u0173, pristatys program\u0105, kurioje susipina kino muzika, Lotyn\u0173 Amerikos ritmai ir operos klasika \u2013 nuo Giuseppe Verdi \u201eNabucco\u201c iki Georges\u2019o Bizet \u201eKarmen\u201c.<\/p>\n\n\n\n<p>Festivalio meno vadov\u0117 Klaudija Aleksandravi\u010di\u016bt\u0117 pabr\u0117\u017eia, kad \u0161i\u0173 met\u0173 festivalio a\u0161is \u2013 \u012fvairov\u0117, netik\u0117ti susitikimai ir atvira muzikin\u0117 patirtis: \u201e\u0160i\u0173 met\u0173 festivalis gyvas ir intensyvus \u2013 penkias dienas kasdien kviesime \u012f vis kitok\u012f susitikim\u0105 su muzika. Keliausime per skirtingas erdves ir nuotaikas: nuo elektronin\u0117s muzikos Miesto sode iki simfonin\u0117s scenos Kult\u016bros centre, nuo vieno atlik\u0117jo pasirodymo iki gausaus orkestro skambesio. Nor\u0117josi sukurti program\u0105, kurioje tilpt\u0173 ir pa\u017e\u012fstama klasika, ir netik\u0117ti atradimai. Kvie\u010diame ne tik i\u0161tikimus festivalio bi\u010diulius, bet ir tuos, kurie galb\u016bt ateis pirm\u0105 kart\u0105 \u2013 ateiti, atrasti, nustebti ir tiesiog leisti muzikai paliesti.\u201c<\/p>\n\n\n\n<p>Per penkias dienas festivalis pasi\u016blys labai skirtingas patirtis \u2013 nuo klasikin\u0117s scenos iki eksperimentini\u0173 form\u0173. Ir galb\u016bt b\u016btent \u0161i \u012fvairov\u0117 geriausiai apibr\u0117\u017eia \u0161iandienos muzik\u0105 \u2013 atvir\u0105, kintan\u010di\u0105 ir nuolat ie\u0161kan\u010di\u0105 naujo klausytojo. Susitikime Dainavos \u0161alies muzikos festivalyje!<\/p>","protected":false},"excerpt":{"rendered":"<p>Ar \u012fmanoma muzik\u0105 patirti u\u017esimerkus? Kaip skamba kontrabosas, kai jis tampa pagrindiniu scenos veik\u0117ju? Ir kur susitinka Bethovenas bei \u0161iuolaikin\u0117 elektronika? Atsakymus \u012f \u0161iuos klausimus \u0161iemet si\u016blo XXIV Dainavos \u0161alies [&hellip;]<\/p>","protected":false},"author":1,"featured_media":1655,"comment_status":"closed","ping_status":"open","sticky":false,"template":"","format":"standard","meta":{"_EventAllDay":false,"_EventTimezone":"","_EventStartDate":"","_EventEndDate":"","_EventStartDateUTC":"","_EventEndDateUTC":"","_EventShowMap":false,"_EventShowMapLink":false,"_EventURL":"","_EventCost":"","_EventCostDescription":"","_EventCurrencySymbol":"","_EventCurrencyCode":"","_EventCurrencyPosition":"","_EventDateTimeSeparator":"","_EventTimeRangeSeparator":"","_EventOrganizerID":[],"_EventVenueID":[],"_OrganizerEmail":"","_OrganizerPhone":"","_OrganizerWebsite":"","_VenueAddress":"","_VenueCity":"","_VenueCountry":"","_VenueProvince":"","_VenueState":"","_VenueZip":"","_VenuePhone":"","_VenueURL":"","_VenueStateProvince":"","_VenueLat":"","_VenueLng":"","_VenueShowMap":false,"_VenueShowMapLink":false,"footnotes":""},"categories":[15],"tags":[],"class_list":["post-1656","post","type-post","status-publish","format-standard","has-post-thumbnail","hentry","category-naujienos"],"blocksy_meta":[],"yoast_head":"<!-- This site is optimized with the Yoast SEO plugin v24.9 - https:\/\/yoast.com\/wordpress\/plugins\/seo\/ -->\n<title>XXIV Dainavos \u0161alies muzikos festivalis: klasikos, eksperiment\u0173 ir patir\u010di\u0173 savait\u0117 - Dainavos festivalis<\/title>\n<meta name=\"robots\" content=\"index, follow, max-snippet:-1, max-image-preview:large, max-video-preview:-1\" \/>\n<link rel=\"canonical\" href=\"https:\/\/dainavafest.lt\/en\/xxiv-dainavos-salies-muzikos-festivalis-klasikos-eksperimentu-ir-patirciu-savaite\/\" \/>\n<meta property=\"og:locale\" content=\"en_US\" \/>\n<meta property=\"og:type\" content=\"article\" \/>\n<meta property=\"og:title\" content=\"XXIV Dainavos \u0161alies muzikos festivalis: klasikos, eksperiment\u0173 ir patir\u010di\u0173 savait\u0117 - Dainavos festivalis\" \/>\n<meta property=\"og:description\" content=\"Ar \u012fmanoma muzik\u0105 patirti u\u017esimerkus? Kaip skamba kontrabosas, kai jis tampa pagrindiniu scenos veik\u0117ju? Ir kur susitinka Bethovenas bei \u0161iuolaikin\u0117 elektronika? Atsakymus \u012f \u0161iuos klausimus \u0161iemet si\u016blo XXIV Dainavos \u0161alies [&hellip;]\" \/>\n<meta property=\"og:url\" content=\"https:\/\/dainavafest.lt\/en\/xxiv-dainavos-salies-muzikos-festivalis-klasikos-eksperimentu-ir-patirciu-savaite\/\" \/>\n<meta property=\"og:site_name\" content=\"Dainavos festivalis\" \/>\n<meta property=\"article:published_time\" content=\"2026-04-24T06:46:29+00:00\" \/>\n<meta property=\"og:image\" content=\"https:\/\/dainavafest.lt\/wp-content\/uploads\/2026\/04\/DAINAVOS-festivalio-1x1-1.png\" \/>\n\t<meta property=\"og:image:width\" content=\"2400\" \/>\n\t<meta property=\"og:image:height\" content=\"2400\" \/>\n\t<meta property=\"og:image:type\" content=\"image\/png\" \/>\n<meta name=\"author\" content=\"dainavafest.lt\" \/>\n<meta name=\"twitter:card\" content=\"summary_large_image\" \/>\n<meta name=\"twitter:label1\" content=\"Written by\" \/>\n\t<meta name=\"twitter:data1\" content=\"dainavafest.lt\" \/>\n\t<meta name=\"twitter:label2\" content=\"Est. reading time\" \/>\n\t<meta name=\"twitter:data2\" content=\"3 minutes\" \/>\n<script type=\"application\/ld+json\" class=\"yoast-schema-graph\">{\"@context\":\"https:\/\/schema.org\",\"@graph\":[{\"@type\":\"Article\",\"@id\":\"https:\/\/dainavafest.lt\/xxiv-dainavos-salies-muzikos-festivalis-klasikos-eksperimentu-ir-patirciu-savaite\/#article\",\"isPartOf\":{\"@id\":\"https:\/\/dainavafest.lt\/xxiv-dainavos-salies-muzikos-festivalis-klasikos-eksperimentu-ir-patirciu-savaite\/\"},\"author\":{\"name\":\"dainavafest.lt\",\"@id\":\"https:\/\/dainavafest.lt\/#\/schema\/person\/2a8b0cdff9b01724f11ba3981c68bd4a\"},\"headline\":\"XXIV Dainavos \u0161alies muzikos festivalis: klasikos, eksperiment\u0173 ir patir\u010di\u0173 savait\u0117\",\"datePublished\":\"2026-04-24T06:46:29+00:00\",\"mainEntityOfPage\":{\"@id\":\"https:\/\/dainavafest.lt\/xxiv-dainavos-salies-muzikos-festivalis-klasikos-eksperimentu-ir-patirciu-savaite\/\"},\"wordCount\":516,\"publisher\":{\"@id\":\"https:\/\/dainavafest.lt\/#organization\"},\"image\":{\"@id\":\"https:\/\/dainavafest.lt\/xxiv-dainavos-salies-muzikos-festivalis-klasikos-eksperimentu-ir-patirciu-savaite\/#primaryimage\"},\"thumbnailUrl\":\"https:\/\/dainavafest.lt\/wp-content\/uploads\/2026\/04\/DAINAVOS-festivalio-1x1-1.png\",\"articleSection\":[\"Naujienos\"],\"inLanguage\":\"en-US\"},{\"@type\":\"WebPage\",\"@id\":\"https:\/\/dainavafest.lt\/xxiv-dainavos-salies-muzikos-festivalis-klasikos-eksperimentu-ir-patirciu-savaite\/\",\"url\":\"https:\/\/dainavafest.lt\/xxiv-dainavos-salies-muzikos-festivalis-klasikos-eksperimentu-ir-patirciu-savaite\/\",\"name\":\"XXIV Dainavos \u0161alies muzikos festivalis: klasikos, eksperiment\u0173 ir patir\u010di\u0173 savait\u0117 - Dainavos festivalis\",\"isPartOf\":{\"@id\":\"https:\/\/dainavafest.lt\/#website\"},\"primaryImageOfPage\":{\"@id\":\"https:\/\/dainavafest.lt\/xxiv-dainavos-salies-muzikos-festivalis-klasikos-eksperimentu-ir-patirciu-savaite\/#primaryimage\"},\"image\":{\"@id\":\"https:\/\/dainavafest.lt\/xxiv-dainavos-salies-muzikos-festivalis-klasikos-eksperimentu-ir-patirciu-savaite\/#primaryimage\"},\"thumbnailUrl\":\"https:\/\/dainavafest.lt\/wp-content\/uploads\/2026\/04\/DAINAVOS-festivalio-1x1-1.png\",\"datePublished\":\"2026-04-24T06:46:29+00:00\",\"breadcrumb\":{\"@id\":\"https:\/\/dainavafest.lt\/xxiv-dainavos-salies-muzikos-festivalis-klasikos-eksperimentu-ir-patirciu-savaite\/#breadcrumb\"},\"inLanguage\":\"en-US\",\"potentialAction\":[{\"@type\":\"ReadAction\",\"target\":[\"https:\/\/dainavafest.lt\/xxiv-dainavos-salies-muzikos-festivalis-klasikos-eksperimentu-ir-patirciu-savaite\/\"]}]},{\"@type\":\"ImageObject\",\"inLanguage\":\"en-US\",\"@id\":\"https:\/\/dainavafest.lt\/xxiv-dainavos-salies-muzikos-festivalis-klasikos-eksperimentu-ir-patirciu-savaite\/#primaryimage\",\"url\":\"https:\/\/dainavafest.lt\/wp-content\/uploads\/2026\/04\/DAINAVOS-festivalio-1x1-1.png\",\"contentUrl\":\"https:\/\/dainavafest.lt\/wp-content\/uploads\/2026\/04\/DAINAVOS-festivalio-1x1-1.png\",\"width\":2400,\"height\":2400},{\"@type\":\"BreadcrumbList\",\"@id\":\"https:\/\/dainavafest.lt\/xxiv-dainavos-salies-muzikos-festivalis-klasikos-eksperimentu-ir-patirciu-savaite\/#breadcrumb\",\"itemListElement\":[{\"@type\":\"ListItem\",\"position\":1,\"name\":\"Home\",\"item\":\"https:\/\/dainavafest.lt\/\"},{\"@type\":\"ListItem\",\"position\":2,\"name\":\"XXIV Dainavos \u0161alies muzikos festivalis: klasikos, eksperiment\u0173 ir patir\u010di\u0173 savait\u0117\"}]},{\"@type\":\"WebSite\",\"@id\":\"https:\/\/dainavafest.lt\/#website\",\"url\":\"https:\/\/dainavafest.lt\/\",\"name\":\"Dainavos festivalis\",\"description\":\"Dainavos \u0161alies muzikos festivalis\",\"publisher\":{\"@id\":\"https:\/\/dainavafest.lt\/#organization\"},\"alternateName\":\"dainava fest, dainavos festivalis, dainava, dainavos \u0161alies muzikos festivalis 2024\",\"potentialAction\":[{\"@type\":\"SearchAction\",\"target\":{\"@type\":\"EntryPoint\",\"urlTemplate\":\"https:\/\/dainavafest.lt\/?s={search_term_string}\"},\"query-input\":{\"@type\":\"PropertyValueSpecification\",\"valueRequired\":true,\"valueName\":\"search_term_string\"}}],\"inLanguage\":\"en-US\"},{\"@type\":\"Organization\",\"@id\":\"https:\/\/dainavafest.lt\/#organization\",\"name\":\"Alytaus kult\u016bros centras\",\"alternateName\":\"AKC\",\"url\":\"https:\/\/dainavafest.lt\/\",\"logo\":{\"@type\":\"ImageObject\",\"inLanguage\":\"en-US\",\"@id\":\"https:\/\/dainavafest.lt\/#\/schema\/logo\/image\/\",\"url\":\"https:\/\/dainavafest.lt\/wp-content\/uploads\/2024\/05\/cropped-logo-festivalio1-e1715260345259.png\",\"contentUrl\":\"https:\/\/dainavafest.lt\/wp-content\/uploads\/2024\/05\/cropped-logo-festivalio1-e1715260345259.png\",\"width\":512,\"height\":512,\"caption\":\"Alytaus kult\u016bros centras\"},\"image\":{\"@id\":\"https:\/\/dainavafest.lt\/#\/schema\/logo\/image\/\"}},{\"@type\":\"Person\",\"@id\":\"https:\/\/dainavafest.lt\/#\/schema\/person\/2a8b0cdff9b01724f11ba3981c68bd4a\",\"name\":\"dainavafest.lt\",\"image\":{\"@type\":\"ImageObject\",\"inLanguage\":\"en-US\",\"@id\":\"https:\/\/dainavafest.lt\/#\/schema\/person\/image\/\",\"url\":\"https:\/\/secure.gravatar.com\/avatar\/20ea180d5f834eed59a3c768d9332e4e?s=96&d=mm&r=g\",\"contentUrl\":\"https:\/\/secure.gravatar.com\/avatar\/20ea180d5f834eed59a3c768d9332e4e?s=96&d=mm&r=g\",\"caption\":\"dainavafest.lt\"},\"sameAs\":[\"http:\/\/dainavafest.lt\"],\"url\":\"https:\/\/dainavafest.lt\/en\/author\/dainavafest-lt\/\"}]}<\/script>\n<!-- \/ Yoast SEO plugin. -->","yoast_head_json":{"title":"XXIV Dainavos \u0161alies muzikos festivalis: klasikos, eksperiment\u0173 ir patir\u010di\u0173 savait\u0117 - Dainavos festivalis","robots":{"index":"index","follow":"follow","max-snippet":"max-snippet:-1","max-image-preview":"max-image-preview:large","max-video-preview":"max-video-preview:-1"},"canonical":"https:\/\/dainavafest.lt\/en\/xxiv-dainavos-salies-muzikos-festivalis-klasikos-eksperimentu-ir-patirciu-savaite\/","og_locale":"en_US","og_type":"article","og_title":"XXIV Dainavos \u0161alies muzikos festivalis: klasikos, eksperiment\u0173 ir patir\u010di\u0173 savait\u0117 - Dainavos festivalis","og_description":"Ar \u012fmanoma muzik\u0105 patirti u\u017esimerkus? Kaip skamba kontrabosas, kai jis tampa pagrindiniu scenos veik\u0117ju? Ir kur susitinka Bethovenas bei \u0161iuolaikin\u0117 elektronika? Atsakymus \u012f \u0161iuos klausimus \u0161iemet si\u016blo XXIV Dainavos \u0161alies [&hellip;]","og_url":"https:\/\/dainavafest.lt\/en\/xxiv-dainavos-salies-muzikos-festivalis-klasikos-eksperimentu-ir-patirciu-savaite\/","og_site_name":"Dainavos festivalis","article_published_time":"2026-04-24T06:46:29+00:00","og_image":[{"width":2400,"height":2400,"url":"https:\/\/dainavafest.lt\/wp-content\/uploads\/2026\/04\/DAINAVOS-festivalio-1x1-1.png","type":"image\/png"}],"author":"dainavafest.lt","twitter_card":"summary_large_image","twitter_misc":{"Written by":"dainavafest.lt","Est. reading time":"3 minutes"},"schema":{"@context":"https:\/\/schema.org","@graph":[{"@type":"Article","@id":"https:\/\/dainavafest.lt\/xxiv-dainavos-salies-muzikos-festivalis-klasikos-eksperimentu-ir-patirciu-savaite\/#article","isPartOf":{"@id":"https:\/\/dainavafest.lt\/xxiv-dainavos-salies-muzikos-festivalis-klasikos-eksperimentu-ir-patirciu-savaite\/"},"author":{"name":"dainavafest.lt","@id":"https:\/\/dainavafest.lt\/#\/schema\/person\/2a8b0cdff9b01724f11ba3981c68bd4a"},"headline":"XXIV Dainavos \u0161alies muzikos festivalis: klasikos, eksperiment\u0173 ir patir\u010di\u0173 savait\u0117","datePublished":"2026-04-24T06:46:29+00:00","mainEntityOfPage":{"@id":"https:\/\/dainavafest.lt\/xxiv-dainavos-salies-muzikos-festivalis-klasikos-eksperimentu-ir-patirciu-savaite\/"},"wordCount":516,"publisher":{"@id":"https:\/\/dainavafest.lt\/#organization"},"image":{"@id":"https:\/\/dainavafest.lt\/xxiv-dainavos-salies-muzikos-festivalis-klasikos-eksperimentu-ir-patirciu-savaite\/#primaryimage"},"thumbnailUrl":"https:\/\/dainavafest.lt\/wp-content\/uploads\/2026\/04\/DAINAVOS-festivalio-1x1-1.png","articleSection":["Naujienos"],"inLanguage":"en-US"},{"@type":"WebPage","@id":"https:\/\/dainavafest.lt\/xxiv-dainavos-salies-muzikos-festivalis-klasikos-eksperimentu-ir-patirciu-savaite\/","url":"https:\/\/dainavafest.lt\/xxiv-dainavos-salies-muzikos-festivalis-klasikos-eksperimentu-ir-patirciu-savaite\/","name":"XXIV Dainavos \u0161alies muzikos festivalis: klasikos, eksperiment\u0173 ir patir\u010di\u0173 savait\u0117 - Dainavos festivalis","isPartOf":{"@id":"https:\/\/dainavafest.lt\/#website"},"primaryImageOfPage":{"@id":"https:\/\/dainavafest.lt\/xxiv-dainavos-salies-muzikos-festivalis-klasikos-eksperimentu-ir-patirciu-savaite\/#primaryimage"},"image":{"@id":"https:\/\/dainavafest.lt\/xxiv-dainavos-salies-muzikos-festivalis-klasikos-eksperimentu-ir-patirciu-savaite\/#primaryimage"},"thumbnailUrl":"https:\/\/dainavafest.lt\/wp-content\/uploads\/2026\/04\/DAINAVOS-festivalio-1x1-1.png","datePublished":"2026-04-24T06:46:29+00:00","breadcrumb":{"@id":"https:\/\/dainavafest.lt\/xxiv-dainavos-salies-muzikos-festivalis-klasikos-eksperimentu-ir-patirciu-savaite\/#breadcrumb"},"inLanguage":"en-US","potentialAction":[{"@type":"ReadAction","target":["https:\/\/dainavafest.lt\/xxiv-dainavos-salies-muzikos-festivalis-klasikos-eksperimentu-ir-patirciu-savaite\/"]}]},{"@type":"ImageObject","inLanguage":"en-US","@id":"https:\/\/dainavafest.lt\/xxiv-dainavos-salies-muzikos-festivalis-klasikos-eksperimentu-ir-patirciu-savaite\/#primaryimage","url":"https:\/\/dainavafest.lt\/wp-content\/uploads\/2026\/04\/DAINAVOS-festivalio-1x1-1.png","contentUrl":"https:\/\/dainavafest.lt\/wp-content\/uploads\/2026\/04\/DAINAVOS-festivalio-1x1-1.png","width":2400,"height":2400},{"@type":"BreadcrumbList","@id":"https:\/\/dainavafest.lt\/xxiv-dainavos-salies-muzikos-festivalis-klasikos-eksperimentu-ir-patirciu-savaite\/#breadcrumb","itemListElement":[{"@type":"ListItem","position":1,"name":"Home","item":"https:\/\/dainavafest.lt\/"},{"@type":"ListItem","position":2,"name":"XXIV Dainavos \u0161alies muzikos festivalis: klasikos, eksperiment\u0173 ir patir\u010di\u0173 savait\u0117"}]},{"@type":"WebSite","@id":"https:\/\/dainavafest.lt\/#website","url":"https:\/\/dainavafest.lt\/","name":"Dainavos festivalis","description":"Dainavos \u0161alies muzikos festivalis","publisher":{"@id":"https:\/\/dainavafest.lt\/#organization"},"alternateName":"dainava fest, dainavos festivalis, dainava, dainavos \u0161alies muzikos festivalis 2024","potentialAction":[{"@type":"SearchAction","target":{"@type":"EntryPoint","urlTemplate":"https:\/\/dainavafest.lt\/?s={search_term_string}"},"query-input":{"@type":"PropertyValueSpecification","valueRequired":true,"valueName":"search_term_string"}}],"inLanguage":"en-US"},{"@type":"Organization","@id":"https:\/\/dainavafest.lt\/#organization","name":"Alytaus kult\u016bros centras","alternateName":"AKC","url":"https:\/\/dainavafest.lt\/","logo":{"@type":"ImageObject","inLanguage":"en-US","@id":"https:\/\/dainavafest.lt\/#\/schema\/logo\/image\/","url":"https:\/\/dainavafest.lt\/wp-content\/uploads\/2024\/05\/cropped-logo-festivalio1-e1715260345259.png","contentUrl":"https:\/\/dainavafest.lt\/wp-content\/uploads\/2024\/05\/cropped-logo-festivalio1-e1715260345259.png","width":512,"height":512,"caption":"Alytaus kult\u016bros centras"},"image":{"@id":"https:\/\/dainavafest.lt\/#\/schema\/logo\/image\/"}},{"@type":"Person","@id":"https:\/\/dainavafest.lt\/#\/schema\/person\/2a8b0cdff9b01724f11ba3981c68bd4a","name":"dainavafest.lt","image":{"@type":"ImageObject","inLanguage":"en-US","@id":"https:\/\/dainavafest.lt\/#\/schema\/person\/image\/","url":"https:\/\/secure.gravatar.com\/avatar\/20ea180d5f834eed59a3c768d9332e4e?s=96&d=mm&r=g","contentUrl":"https:\/\/secure.gravatar.com\/avatar\/20ea180d5f834eed59a3c768d9332e4e?s=96&d=mm&r=g","caption":"dainavafest.lt"},"sameAs":["http:\/\/dainavafest.lt"],"url":"https:\/\/dainavafest.lt\/en\/author\/dainavafest-lt\/"}]}},"_links":{"self":[{"href":"https:\/\/dainavafest.lt\/en\/wp-json\/wp\/v2\/posts\/1656"}],"collection":[{"href":"https:\/\/dainavafest.lt\/en\/wp-json\/wp\/v2\/posts"}],"about":[{"href":"https:\/\/dainavafest.lt\/en\/wp-json\/wp\/v2\/types\/post"}],"author":[{"embeddable":true,"href":"https:\/\/dainavafest.lt\/en\/wp-json\/wp\/v2\/users\/1"}],"replies":[{"embeddable":true,"href":"https:\/\/dainavafest.lt\/en\/wp-json\/wp\/v2\/comments?post=1656"}],"version-history":[{"count":1,"href":"https:\/\/dainavafest.lt\/en\/wp-json\/wp\/v2\/posts\/1656\/revisions"}],"predecessor-version":[{"id":1657,"href":"https:\/\/dainavafest.lt\/en\/wp-json\/wp\/v2\/posts\/1656\/revisions\/1657"}],"wp:featuredmedia":[{"embeddable":true,"href":"https:\/\/dainavafest.lt\/en\/wp-json\/wp\/v2\/media\/1655"}],"wp:attachment":[{"href":"https:\/\/dainavafest.lt\/en\/wp-json\/wp\/v2\/media?parent=1656"}],"wp:term":[{"taxonomy":"category","embeddable":true,"href":"https:\/\/dainavafest.lt\/en\/wp-json\/wp\/v2\/categories?post=1656"},{"taxonomy":"post_tag","embeddable":true,"href":"https:\/\/dainavafest.lt\/en\/wp-json\/wp\/v2\/tags?post=1656"}],"curies":[{"name":"wp","href":"https:\/\/api.w.org\/{rel}","templated":true}]}}